{"id":2650,"date":"2025-09-11T08:23:13","date_gmt":"2025-09-11T12:23:13","guid":{"rendered":"https:\/\/medicamentquebec.ca\/?p=2650"},"modified":"2025-11-12T13:47:11","modified_gmt":"2025-11-12T18:47:11","slug":"creation-dun-reseau-quebecois-dimmunologie-humaine-pour-soutenir-lecosysteme-provincial-des-vaccins","status":"publish","type":"post","link":"https:\/\/medicamentquebec.ca\/index.php\/2025\/09\/11\/creation-dun-reseau-quebecois-dimmunologie-humaine-pour-soutenir-lecosysteme-provincial-des-vaccins\/","title":{"rendered":"Cr\u00e9ation d\u2019un r\u00e9seau qu\u00e9b\u00e9cois d\u2019immunologie humaine pour soutenir l\u2019\u00e9cosyst\u00e8me provincial des vaccins"},"content":{"rendered":"<p><strong>11 septembre 2025 &#8211; Activit\u00e9s financ\u00e9es<\/strong><\/p>\n<p><!--more--><\/p>\n<p><strong>Dans le cadre de son programme <em data-start=\"95\" data-end=\"135\">Innovations en technologies vaccinales<\/em>, M\u00e9dicament Qu\u00e9bec soutient quatre activit\u00e9s de recherche collaborative alliant milieux universitaires et partenaires industriels. D\u00e9couvrez le projet de Pr. Piccirillo portant sur le d\u00e9veloppement d&#8217;une plateforme avanc\u00e9e d\u2019immunologie humaine.<\/strong><\/p>\n<p><span data-contrast=\"none\">Les \u00e9tudes pr\u00e9cliniques, bien qu\u2019utiles, donnent une vision limit\u00e9e de l\u2019efficacit\u00e9 et de la s\u00e9curit\u00e9 des vaccins en d\u00e9veloppement. Pour pallier ces limites, les plateformes avanc\u00e9es d\u2019immunologie humaine offrent une alternative plus performante pour le d\u00e9veloppement et la caract\u00e9risation des vaccins-candidants, ce qui constitue un atout essentiel pour l\u2019industrie.<\/span><\/p>\n<p><span data-contrast=\"none\">L\u2019\u00e9quipe du Dr Piccirillo d\u00e9veloppera une <\/span><strong>plateforme avanc\u00e9e d\u2019immunologie humaine<\/strong><span data-contrast=\"none\"> qui permettra d\u2019obtenir des informations cruciales pour le d\u00e9veloppement de vaccins telles que la compr\u00e9hension des m\u00e9canismes d\u2019action ainsi que l\u2019obtention de donn\u00e9es pour r\u00e9duire les risques et caract\u00e9riser les produits. La plateforme aidera donc les scientifiques et les compagnies qui d\u00e9veloppent de nouveaux vaccins \u00e0 mieux caract\u00e9riser leurs vaccins et la r\u00e9ponse immunologique induite.\u00a0<\/span><span data-ccp-props=\"{&quot;335551550&quot;:6,&quot;335551620&quot;:6}\">\u00a0<\/span><\/p>\n<p><span data-contrast=\"none\">La plateforme consiste en une bo\u00eete \u00e0 outils qui comprend\u202f:\u00a0<\/span><span data-ccp-props=\"{&quot;335551550&quot;:6,&quot;335551620&quot;:6}\">\u00a0<\/span><\/p>\n<ul>\n<li aria-setsize=\"-1\" data-leveltext=\"-\" data-font=\"Calibri\" data-listid=\"9\" data-list-defn-props=\"{&quot;335551671&quot;:0,&quot;335552541&quot;:1,&quot;335559685&quot;:720,&quot;335559991&quot;:360,&quot;469769226&quot;:&quot;Calibri&quot;,&quot;469769242&quot;:[8226],&quot;469777803&quot;:&quot;left&quot;,&quot;469777804&quot;:&quot;-&quot;,&quot;469777815&quot;:&quot;hybridMultilevel&quot;}\" data-aria-posinset=\"0\" data-aria-level=\"1\"><span data-contrast=\"none\">Un mod\u00e8le organo\u00efde d\u2019amygdales humaines\u2009;<\/span><span data-ccp-props=\"{&quot;201341983&quot;:0,&quot;335551550&quot;:6,&quot;335551620&quot;:6,&quot;335559740&quot;:259}\">\u00a0<\/span><\/li>\n<\/ul>\n<ul>\n<li aria-setsize=\"-1\" data-leveltext=\"-\" data-font=\"Calibri\" data-listid=\"9\" data-list-defn-props=\"{&quot;335551671&quot;:0,&quot;335552541&quot;:1,&quot;335559685&quot;:720,&quot;335559991&quot;:360,&quot;469769226&quot;:&quot;Calibri&quot;,&quot;469769242&quot;:[8226],&quot;469777803&quot;:&quot;left&quot;,&quot;469777804&quot;:&quot;-&quot;,&quot;469777815&quot;:&quot;hybridMultilevel&quot;}\" data-aria-posinset=\"1\" data-aria-level=\"1\"><span data-contrast=\"none\">Une technique de microscopie \u00e0 super-r\u00e9solution\u2009;<\/span><span data-ccp-props=\"{&quot;201341983&quot;:0,&quot;335551550&quot;:6,&quot;335551620&quot;:6,&quot;335559740&quot;:259}\">\u00a0<\/span><\/li>\n<\/ul>\n<ul>\n<li aria-setsize=\"-1\" data-leveltext=\"-\" data-font=\"Calibri\" data-listid=\"9\" data-list-defn-props=\"{&quot;335551671&quot;:0,&quot;335552541&quot;:1,&quot;335559685&quot;:720,&quot;335559991&quot;:360,&quot;469769226&quot;:&quot;Calibri&quot;,&quot;469769242&quot;:[8226],&quot;469777803&quot;:&quot;left&quot;,&quot;469777804&quot;:&quot;-&quot;,&quot;469777815&quot;:&quot;hybridMultilevel&quot;}\" data-aria-posinset=\"2\" data-aria-level=\"1\"><span data-contrast=\"none\">Des \u00e9quipes multi-institutionnelles d\u00e9veloppant des tests pour \u00e9valuer les r\u00e9ponses des cellules B et T\u2009;<\/span><span data-ccp-props=\"{&quot;201341983&quot;:0,&quot;335551550&quot;:6,&quot;335551620&quot;:6,&quot;335559740&quot;:259}\">\u00a0<\/span><\/li>\n<\/ul>\n<ul>\n<li aria-setsize=\"-1\" data-leveltext=\"-\" data-font=\"Calibri\" data-listid=\"9\" data-list-defn-props=\"{&quot;335551671&quot;:0,&quot;335552541&quot;:1,&quot;335559685&quot;:720,&quot;335559991&quot;:360,&quot;469769226&quot;:&quot;Calibri&quot;,&quot;469769242&quot;:[8226],&quot;469777803&quot;:&quot;left&quot;,&quot;469777804&quot;:&quot;-&quot;,&quot;469777815&quot;:&quot;hybridMultilevel&quot;}\" data-aria-posinset=\"3\" data-aria-level=\"1\"><span data-contrast=\"none\">Des outils d\u2019intelligence artificielle g\u00e9n\u00e9rant des profils complets de r\u00e9ponses induites par les vaccins.<\/span><span data-ccp-props=\"{&quot;201341983&quot;:0,&quot;335551550&quot;:6,&quot;335551620&quot;:6,&quot;335559740&quot;:259}\">\u00a0<\/span><\/li>\n<\/ul>\n<p><span data-contrast=\"none\">Cette activit\u00e9 de recherche inclura des collaborateurs activement impliqu\u00e9s dans le d\u00e9veloppement de ces outils. Plusieurs chercheurs se joignent au projet:\u00a0<\/span><\/p>\n<ul>\n<li style=\"font-weight: 400;\">Prs Brian Ward, Gregory Fonseca, Bruce Mazer et Martin Olivier de l&#8217;IRCUSM<\/li>\n<li style=\"font-weight: 400;\">Pr Paul Wiseman de l&#8217;Universit\u00e9 McGill<\/li>\n<li style=\"font-weight: 400;\">Pr Andres Finzi du CR-CHUM<\/li>\n<li style=\"font-weight: 400;\">Pr Natan Bensoussan du CIUSSS-NIM<\/li>\n<li style=\"font-weight: 400;\">Prs H\u00e9l\u00e8ne Decaluwe et Morgan Craig du CHU Ste-Justine<\/li>\n<\/ul>\n<p><strong><a href=\"https:\/\/cellcarta.com\/fr\/\">CellCarta<\/a><\/strong><span data-contrast=\"none\"> renforcera l\u2019effort de ph\u00e9notypage des lymphocytes T et <\/span><strong><a href=\"https:\/\/aramisbiotechnologies.com\/\">Aramis Biotechnologies<\/a><\/strong><span data-contrast=\"none\"> fournira les vaccins et les \u00e9chantillons de volontaires humains servant \u00e0 la preuve de concept.\u00a0<\/span><span data-ccp-props=\"{&quot;335551550&quot;:6,&quot;335551620&quot;:6}\">\u00a0<\/span><\/p>\n<p>Ce projet b\u00e9n\u00e9ficie du soutien du gouvernement du Qu\u00e9bec par l\u2019entremise de M\u00e9dicament Qu\u00e9bec, qui y investit 1,5 M$. \u00c0 cette contribution s\u2019ajoutent 1,2 M$ provenant de partenaires industriels, pour un investissement total de 2,7 M$.<\/p>\n<p><a href=\"https:\/\/medicamentquebec.ca\/index.php\/2025\/09\/09\/medicament-quebec-finance-quatre-activites-novatrices-en-technologies-vaccinales\/\">Lire l&#8217;annonce du financement<\/a><\/p>\n","protected":false},"excerpt":{"rendered":"<p>11 septembre 2025 &#8211; Activit\u00e9s financ\u00e9es<\/p>\n","protected":false},"author":7,"featured_media":2653,"comment_status":"closed","ping_status":"open","sticky":false,"template":"","format":"standard","meta":{"footnotes":""},"categories":[85],"tags":[],"class_list":["post-2650","post","type-post","status-publish","format-standard","has-post-thumbnail","hentry","category-actualites"],"yoast_head":"<!-- This site is optimized with the Yoast SEO plugin v27.5 - https:\/\/yoast.com\/product\/yoast-seo-wordpress\/ -->\n<title>Cr\u00e9ation d\u2019un r\u00e9seau qu\u00e9b\u00e9cois d\u2019immunologie humaine pour soutenir l\u2019\u00e9cosyst\u00e8me provincial des vaccins - M\u00e9dicament Qu\u00e9bec<\/title>\n<meta name=\"robots\" content=\"index, follow, max-snippet:-1, max-image-preview:large, max-video-preview:-1\" \/>\n<link rel=\"canonical\" href=\"https:\/\/medicamentquebec.ca\/index.php\/2025\/09\/11\/creation-dun-reseau-quebecois-dimmunologie-humaine-pour-soutenir-lecosysteme-provincial-des-vaccins\/\" \/>\n<meta property=\"og:locale\" content=\"fr_FR\" \/>\n<meta property=\"og:type\" content=\"article\" \/>\n<meta property=\"og:title\" content=\"Cr\u00e9ation d\u2019un r\u00e9seau qu\u00e9b\u00e9cois d\u2019immunologie humaine pour soutenir l\u2019\u00e9cosyst\u00e8me provincial des vaccins - M\u00e9dicament Qu\u00e9bec\" \/>\n<meta property=\"og:description\" content=\"11 septembre 2025 &#8211; Activit\u00e9s financ\u00e9es\" \/>\n<meta property=\"og:url\" content=\"https:\/\/medicamentquebec.ca\/index.php\/2025\/09\/11\/creation-dun-reseau-quebecois-dimmunologie-humaine-pour-soutenir-lecosysteme-provincial-des-vaccins\/\" \/>\n<meta property=\"og:site_name\" content=\"M\u00e9dicament Qu\u00e9bec\" \/>\n<meta property=\"article:published_time\" content=\"2025-09-11T12:23:13+00:00\" \/>\n<meta property=\"article:modified_time\" content=\"2025-11-12T18:47:11+00:00\" \/>\n<meta property=\"og:image\" content=\"https:\/\/medicamentquebec.ca\/wp-content\/uploads\/2025\/08\/Annonce-Dr-Ciriaco-Piccirillo.png\" \/>\n\t<meta property=\"og:image:width\" content=\"1200\" \/>\n\t<meta property=\"og:image:height\" content=\"628\" \/>\n\t<meta property=\"og:image:type\" content=\"image\/png\" \/>\n<meta name=\"author\" content=\"St\u00e9phanie Bilodeau\" \/>\n<meta name=\"twitter:card\" content=\"summary_large_image\" \/>\n<meta name=\"twitter:label1\" content=\"\u00c9crit par\" \/>\n\t<meta name=\"twitter:data1\" content=\"St\u00e9phanie Bilodeau\" \/>\n\t<meta name=\"twitter:label2\" content=\"Dur\u00e9e de lecture estim\u00e9e\" \/>\n\t<meta name=\"twitter:data2\" content=\"2 minutes\" \/>\n<script type=\"application\/ld+json\" class=\"yoast-schema-graph\">{\"@context\":\"https:\\\/\\\/schema.org\",\"@graph\":[{\"@type\":\"Article\",\"@id\":\"https:\\\/\\\/medicamentquebec.ca\\\/index.php\\\/2025\\\/09\\\/11\\\/creation-dun-reseau-quebecois-dimmunologie-humaine-pour-soutenir-lecosysteme-provincial-des-vaccins\\\/#article\",\"isPartOf\":{\"@id\":\"https:\\\/\\\/medicamentquebec.ca\\\/index.php\\\/2025\\\/09\\\/11\\\/creation-dun-reseau-quebecois-dimmunologie-humaine-pour-soutenir-lecosysteme-provincial-des-vaccins\\\/\"},\"author\":{\"name\":\"St\u00e9phanie Bilodeau\",\"@id\":\"https:\\\/\\\/medicamentquebec.ca\\\/#\\\/schema\\\/person\\\/f380269566615a205fb9c18904b8b89f\"},\"headline\":\"Cr\u00e9ation d\u2019un r\u00e9seau qu\u00e9b\u00e9cois d\u2019immunologie humaine pour soutenir l\u2019\u00e9cosyst\u00e8me provincial des vaccins\",\"datePublished\":\"2025-09-11T12:23:13+00:00\",\"dateModified\":\"2025-11-12T18:47:11+00:00\",\"mainEntityOfPage\":{\"@id\":\"https:\\\/\\\/medicamentquebec.ca\\\/index.php\\\/2025\\\/09\\\/11\\\/creation-dun-reseau-quebecois-dimmunologie-humaine-pour-soutenir-lecosysteme-provincial-des-vaccins\\\/\"},\"wordCount\":403,\"publisher\":{\"@id\":\"https:\\\/\\\/medicamentquebec.ca\\\/#organization\"},\"image\":{\"@id\":\"https:\\\/\\\/medicamentquebec.ca\\\/index.php\\\/2025\\\/09\\\/11\\\/creation-dun-reseau-quebecois-dimmunologie-humaine-pour-soutenir-lecosysteme-provincial-des-vaccins\\\/#primaryimage\"},\"thumbnailUrl\":\"https:\\\/\\\/medicamentquebec.ca\\\/wp-content\\\/uploads\\\/2025\\\/08\\\/Annonce-Dr-Ciriaco-Piccirillo.png\",\"articleSection\":[\"Actualit\u00e9s\"],\"inLanguage\":\"fr-FR\"},{\"@type\":\"WebPage\",\"@id\":\"https:\\\/\\\/medicamentquebec.ca\\\/index.php\\\/2025\\\/09\\\/11\\\/creation-dun-reseau-quebecois-dimmunologie-humaine-pour-soutenir-lecosysteme-provincial-des-vaccins\\\/\",\"url\":\"https:\\\/\\\/medicamentquebec.ca\\\/index.php\\\/2025\\\/09\\\/11\\\/creation-dun-reseau-quebecois-dimmunologie-humaine-pour-soutenir-lecosysteme-provincial-des-vaccins\\\/\",\"name\":\"Cr\u00e9ation d\u2019un r\u00e9seau qu\u00e9b\u00e9cois d\u2019immunologie humaine pour soutenir l\u2019\u00e9cosyst\u00e8me provincial des vaccins - M\u00e9dicament Qu\u00e9bec\",\"isPartOf\":{\"@id\":\"https:\\\/\\\/medicamentquebec.ca\\\/#website\"},\"primaryImageOfPage\":{\"@id\":\"https:\\\/\\\/medicamentquebec.ca\\\/index.php\\\/2025\\\/09\\\/11\\\/creation-dun-reseau-quebecois-dimmunologie-humaine-pour-soutenir-lecosysteme-provincial-des-vaccins\\\/#primaryimage\"},\"image\":{\"@id\":\"https:\\\/\\\/medicamentquebec.ca\\\/index.php\\\/2025\\\/09\\\/11\\\/creation-dun-reseau-quebecois-dimmunologie-humaine-pour-soutenir-lecosysteme-provincial-des-vaccins\\\/#primaryimage\"},\"thumbnailUrl\":\"https:\\\/\\\/medicamentquebec.ca\\\/wp-content\\\/uploads\\\/2025\\\/08\\\/Annonce-Dr-Ciriaco-Piccirillo.png\",\"datePublished\":\"2025-09-11T12:23:13+00:00\",\"dateModified\":\"2025-11-12T18:47:11+00:00\",\"breadcrumb\":{\"@id\":\"https:\\\/\\\/medicamentquebec.ca\\\/index.php\\\/2025\\\/09\\\/11\\\/creation-dun-reseau-quebecois-dimmunologie-humaine-pour-soutenir-lecosysteme-provincial-des-vaccins\\\/#breadcrumb\"},\"inLanguage\":\"fr-FR\",\"potentialAction\":[{\"@type\":\"ReadAction\",\"target\":[\"https:\\\/\\\/medicamentquebec.ca\\\/index.php\\\/2025\\\/09\\\/11\\\/creation-dun-reseau-quebecois-dimmunologie-humaine-pour-soutenir-lecosysteme-provincial-des-vaccins\\\/\"]}]},{\"@type\":\"ImageObject\",\"inLanguage\":\"fr-FR\",\"@id\":\"https:\\\/\\\/medicamentquebec.ca\\\/index.php\\\/2025\\\/09\\\/11\\\/creation-dun-reseau-quebecois-dimmunologie-humaine-pour-soutenir-lecosysteme-provincial-des-vaccins\\\/#primaryimage\",\"url\":\"https:\\\/\\\/medicamentquebec.ca\\\/wp-content\\\/uploads\\\/2025\\\/08\\\/Annonce-Dr-Ciriaco-Piccirillo.png\",\"contentUrl\":\"https:\\\/\\\/medicamentquebec.ca\\\/wp-content\\\/uploads\\\/2025\\\/08\\\/Annonce-Dr-Ciriaco-Piccirillo.png\",\"width\":1200,\"height\":628},{\"@type\":\"BreadcrumbList\",\"@id\":\"https:\\\/\\\/medicamentquebec.ca\\\/index.php\\\/2025\\\/09\\\/11\\\/creation-dun-reseau-quebecois-dimmunologie-humaine-pour-soutenir-lecosysteme-provincial-des-vaccins\\\/#breadcrumb\",\"itemListElement\":[{\"@type\":\"ListItem\",\"position\":1,\"name\":\"Accueil\",\"item\":\"https:\\\/\\\/medicamentquebec.ca\\\/\"},{\"@type\":\"ListItem\",\"position\":2,\"name\":\"Cr\u00e9ation d\u2019un r\u00e9seau qu\u00e9b\u00e9cois d\u2019immunologie humaine pour soutenir l\u2019\u00e9cosyst\u00e8me provincial des vaccins\"}]},{\"@type\":\"WebSite\",\"@id\":\"https:\\\/\\\/medicamentquebec.ca\\\/#website\",\"url\":\"https:\\\/\\\/medicamentquebec.ca\\\/\",\"name\":\"M\u00e9dicament Qu\u00e9bec\",\"description\":\"\",\"publisher\":{\"@id\":\"https:\\\/\\\/medicamentquebec.ca\\\/#organization\"},\"potentialAction\":[{\"@type\":\"SearchAction\",\"target\":{\"@type\":\"EntryPoint\",\"urlTemplate\":\"https:\\\/\\\/medicamentquebec.ca\\\/?s={search_term_string}\"},\"query-input\":{\"@type\":\"PropertyValueSpecification\",\"valueRequired\":true,\"valueName\":\"search_term_string\"}}],\"inLanguage\":\"fr-FR\"},{\"@type\":\"Organization\",\"@id\":\"https:\\\/\\\/medicamentquebec.ca\\\/#organization\",\"name\":\"M\u00e9dicament Qu\u00e9bec\",\"url\":\"https:\\\/\\\/medicamentquebec.ca\\\/\",\"logo\":{\"@type\":\"ImageObject\",\"inLanguage\":\"fr-FR\",\"@id\":\"https:\\\/\\\/medicamentquebec.ca\\\/#\\\/schema\\\/logo\\\/image\\\/\",\"url\":\"https:\\\/\\\/medicamentquebec.ca\\\/wp-content\\\/uploads\\\/2021\\\/06\\\/logo-alt_mq.png\",\"contentUrl\":\"https:\\\/\\\/medicamentquebec.ca\\\/wp-content\\\/uploads\\\/2021\\\/06\\\/logo-alt_mq.png\",\"width\":494,\"height\":266,\"caption\":\"M\u00e9dicament Qu\u00e9bec\"},\"image\":{\"@id\":\"https:\\\/\\\/medicamentquebec.ca\\\/#\\\/schema\\\/logo\\\/image\\\/\"}},{\"@type\":\"Person\",\"@id\":\"https:\\\/\\\/medicamentquebec.ca\\\/#\\\/schema\\\/person\\\/f380269566615a205fb9c18904b8b89f\",\"name\":\"St\u00e9phanie Bilodeau\",\"image\":{\"@type\":\"ImageObject\",\"inLanguage\":\"fr-FR\",\"@id\":\"https:\\\/\\\/secure.gravatar.com\\\/avatar\\\/430bead943158b41c0544d07cd629c34e3791d1d4fd5369260a2b69390142d9c?s=96&d=mm&r=g\",\"url\":\"https:\\\/\\\/secure.gravatar.com\\\/avatar\\\/430bead943158b41c0544d07cd629c34e3791d1d4fd5369260a2b69390142d9c?s=96&d=mm&r=g\",\"contentUrl\":\"https:\\\/\\\/secure.gravatar.com\\\/avatar\\\/430bead943158b41c0544d07cd629c34e3791d1d4fd5369260a2b69390142d9c?s=96&d=mm&r=g\",\"caption\":\"St\u00e9phanie Bilodeau\"},\"url\":\"https:\\\/\\\/medicamentquebec.ca\\\/index.php\\\/author\\\/bilodeaus\\\/\"}]}<\/script>\n<!-- \/ Yoast SEO plugin. -->","yoast_head_json":{"title":"Cr\u00e9ation d\u2019un r\u00e9seau qu\u00e9b\u00e9cois d\u2019immunologie humaine pour soutenir l\u2019\u00e9cosyst\u00e8me provincial des vaccins - M\u00e9dicament Qu\u00e9bec","robots":{"index":"index","follow":"follow","max-snippet":"max-snippet:-1","max-image-preview":"max-image-preview:large","max-video-preview":"max-video-preview:-1"},"canonical":"https:\/\/medicamentquebec.ca\/index.php\/2025\/09\/11\/creation-dun-reseau-quebecois-dimmunologie-humaine-pour-soutenir-lecosysteme-provincial-des-vaccins\/","og_locale":"fr_FR","og_type":"article","og_title":"Cr\u00e9ation d\u2019un r\u00e9seau qu\u00e9b\u00e9cois d\u2019immunologie humaine pour soutenir l\u2019\u00e9cosyst\u00e8me provincial des vaccins - M\u00e9dicament Qu\u00e9bec","og_description":"11 septembre 2025 &#8211; Activit\u00e9s financ\u00e9es","og_url":"https:\/\/medicamentquebec.ca\/index.php\/2025\/09\/11\/creation-dun-reseau-quebecois-dimmunologie-humaine-pour-soutenir-lecosysteme-provincial-des-vaccins\/","og_site_name":"M\u00e9dicament Qu\u00e9bec","article_published_time":"2025-09-11T12:23:13+00:00","article_modified_time":"2025-11-12T18:47:11+00:00","og_image":[{"width":1200,"height":628,"url":"https:\/\/medicamentquebec.ca\/wp-content\/uploads\/2025\/08\/Annonce-Dr-Ciriaco-Piccirillo.png","type":"image\/png"}],"author":"St\u00e9phanie Bilodeau","twitter_card":"summary_large_image","twitter_misc":{"\u00c9crit par":"St\u00e9phanie Bilodeau","Dur\u00e9e de lecture estim\u00e9e":"2 minutes"},"schema":{"@context":"https:\/\/schema.org","@graph":[{"@type":"Article","@id":"https:\/\/medicamentquebec.ca\/index.php\/2025\/09\/11\/creation-dun-reseau-quebecois-dimmunologie-humaine-pour-soutenir-lecosysteme-provincial-des-vaccins\/#article","isPartOf":{"@id":"https:\/\/medicamentquebec.ca\/index.php\/2025\/09\/11\/creation-dun-reseau-quebecois-dimmunologie-humaine-pour-soutenir-lecosysteme-provincial-des-vaccins\/"},"author":{"name":"St\u00e9phanie Bilodeau","@id":"https:\/\/medicamentquebec.ca\/#\/schema\/person\/f380269566615a205fb9c18904b8b89f"},"headline":"Cr\u00e9ation d\u2019un r\u00e9seau qu\u00e9b\u00e9cois d\u2019immunologie humaine pour soutenir l\u2019\u00e9cosyst\u00e8me provincial des vaccins","datePublished":"2025-09-11T12:23:13+00:00","dateModified":"2025-11-12T18:47:11+00:00","mainEntityOfPage":{"@id":"https:\/\/medicamentquebec.ca\/index.php\/2025\/09\/11\/creation-dun-reseau-quebecois-dimmunologie-humaine-pour-soutenir-lecosysteme-provincial-des-vaccins\/"},"wordCount":403,"publisher":{"@id":"https:\/\/medicamentquebec.ca\/#organization"},"image":{"@id":"https:\/\/medicamentquebec.ca\/index.php\/2025\/09\/11\/creation-dun-reseau-quebecois-dimmunologie-humaine-pour-soutenir-lecosysteme-provincial-des-vaccins\/#primaryimage"},"thumbnailUrl":"https:\/\/medicamentquebec.ca\/wp-content\/uploads\/2025\/08\/Annonce-Dr-Ciriaco-Piccirillo.png","articleSection":["Actualit\u00e9s"],"inLanguage":"fr-FR"},{"@type":"WebPage","@id":"https:\/\/medicamentquebec.ca\/index.php\/2025\/09\/11\/creation-dun-reseau-quebecois-dimmunologie-humaine-pour-soutenir-lecosysteme-provincial-des-vaccins\/","url":"https:\/\/medicamentquebec.ca\/index.php\/2025\/09\/11\/creation-dun-reseau-quebecois-dimmunologie-humaine-pour-soutenir-lecosysteme-provincial-des-vaccins\/","name":"Cr\u00e9ation d\u2019un r\u00e9seau qu\u00e9b\u00e9cois d\u2019immunologie humaine pour soutenir l\u2019\u00e9cosyst\u00e8me provincial des vaccins - M\u00e9dicament Qu\u00e9bec","isPartOf":{"@id":"https:\/\/medicamentquebec.ca\/#website"},"primaryImageOfPage":{"@id":"https:\/\/medicamentquebec.ca\/index.php\/2025\/09\/11\/creation-dun-reseau-quebecois-dimmunologie-humaine-pour-soutenir-lecosysteme-provincial-des-vaccins\/#primaryimage"},"image":{"@id":"https:\/\/medicamentquebec.ca\/index.php\/2025\/09\/11\/creation-dun-reseau-quebecois-dimmunologie-humaine-pour-soutenir-lecosysteme-provincial-des-vaccins\/#primaryimage"},"thumbnailUrl":"https:\/\/medicamentquebec.ca\/wp-content\/uploads\/2025\/08\/Annonce-Dr-Ciriaco-Piccirillo.png","datePublished":"2025-09-11T12:23:13+00:00","dateModified":"2025-11-12T18:47:11+00:00","breadcrumb":{"@id":"https:\/\/medicamentquebec.ca\/index.php\/2025\/09\/11\/creation-dun-reseau-quebecois-dimmunologie-humaine-pour-soutenir-lecosysteme-provincial-des-vaccins\/#breadcrumb"},"inLanguage":"fr-FR","potentialAction":[{"@type":"ReadAction","target":["https:\/\/medicamentquebec.ca\/index.php\/2025\/09\/11\/creation-dun-reseau-quebecois-dimmunologie-humaine-pour-soutenir-lecosysteme-provincial-des-vaccins\/"]}]},{"@type":"ImageObject","inLanguage":"fr-FR","@id":"https:\/\/medicamentquebec.ca\/index.php\/2025\/09\/11\/creation-dun-reseau-quebecois-dimmunologie-humaine-pour-soutenir-lecosysteme-provincial-des-vaccins\/#primaryimage","url":"https:\/\/medicamentquebec.ca\/wp-content\/uploads\/2025\/08\/Annonce-Dr-Ciriaco-Piccirillo.png","contentUrl":"https:\/\/medicamentquebec.ca\/wp-content\/uploads\/2025\/08\/Annonce-Dr-Ciriaco-Piccirillo.png","width":1200,"height":628},{"@type":"BreadcrumbList","@id":"https:\/\/medicamentquebec.ca\/index.php\/2025\/09\/11\/creation-dun-reseau-quebecois-dimmunologie-humaine-pour-soutenir-lecosysteme-provincial-des-vaccins\/#breadcrumb","itemListElement":[{"@type":"ListItem","position":1,"name":"Accueil","item":"https:\/\/medicamentquebec.ca\/"},{"@type":"ListItem","position":2,"name":"Cr\u00e9ation d\u2019un r\u00e9seau qu\u00e9b\u00e9cois d\u2019immunologie humaine pour soutenir l\u2019\u00e9cosyst\u00e8me provincial des vaccins"}]},{"@type":"WebSite","@id":"https:\/\/medicamentquebec.ca\/#website","url":"https:\/\/medicamentquebec.ca\/","name":"M\u00e9dicament Qu\u00e9bec","description":"","publisher":{"@id":"https:\/\/medicamentquebec.ca\/#organization"},"potentialAction":[{"@type":"SearchAction","target":{"@type":"EntryPoint","urlTemplate":"https:\/\/medicamentquebec.ca\/?s={search_term_string}"},"query-input":{"@type":"PropertyValueSpecification","valueRequired":true,"valueName":"search_term_string"}}],"inLanguage":"fr-FR"},{"@type":"Organization","@id":"https:\/\/medicamentquebec.ca\/#organization","name":"M\u00e9dicament Qu\u00e9bec","url":"https:\/\/medicamentquebec.ca\/","logo":{"@type":"ImageObject","inLanguage":"fr-FR","@id":"https:\/\/medicamentquebec.ca\/#\/schema\/logo\/image\/","url":"https:\/\/medicamentquebec.ca\/wp-content\/uploads\/2021\/06\/logo-alt_mq.png","contentUrl":"https:\/\/medicamentquebec.ca\/wp-content\/uploads\/2021\/06\/logo-alt_mq.png","width":494,"height":266,"caption":"M\u00e9dicament Qu\u00e9bec"},"image":{"@id":"https:\/\/medicamentquebec.ca\/#\/schema\/logo\/image\/"}},{"@type":"Person","@id":"https:\/\/medicamentquebec.ca\/#\/schema\/person\/f380269566615a205fb9c18904b8b89f","name":"St\u00e9phanie Bilodeau","image":{"@type":"ImageObject","inLanguage":"fr-FR","@id":"https:\/\/secure.gravatar.com\/avatar\/430bead943158b41c0544d07cd629c34e3791d1d4fd5369260a2b69390142d9c?s=96&d=mm&r=g","url":"https:\/\/secure.gravatar.com\/avatar\/430bead943158b41c0544d07cd629c34e3791d1d4fd5369260a2b69390142d9c?s=96&d=mm&r=g","contentUrl":"https:\/\/secure.gravatar.com\/avatar\/430bead943158b41c0544d07cd629c34e3791d1d4fd5369260a2b69390142d9c?s=96&d=mm&r=g","caption":"St\u00e9phanie Bilodeau"},"url":"https:\/\/medicamentquebec.ca\/index.php\/author\/bilodeaus\/"}]}},"_links":{"self":[{"href":"https:\/\/medicamentquebec.ca\/index.php\/wp-json\/wp\/v2\/posts\/2650","targetHints":{"allow":["GET"]}}],"collection":[{"href":"https:\/\/medicamentquebec.ca\/index.php\/wp-json\/wp\/v2\/posts"}],"about":[{"href":"https:\/\/medicamentquebec.ca\/index.php\/wp-json\/wp\/v2\/types\/post"}],"author":[{"embeddable":true,"href":"https:\/\/medicamentquebec.ca\/index.php\/wp-json\/wp\/v2\/users\/7"}],"replies":[{"embeddable":true,"href":"https:\/\/medicamentquebec.ca\/index.php\/wp-json\/wp\/v2\/comments?post=2650"}],"version-history":[{"count":13,"href":"https:\/\/medicamentquebec.ca\/index.php\/wp-json\/wp\/v2\/posts\/2650\/revisions"}],"predecessor-version":[{"id":3049,"href":"https:\/\/medicamentquebec.ca\/index.php\/wp-json\/wp\/v2\/posts\/2650\/revisions\/3049"}],"wp:featuredmedia":[{"embeddable":true,"href":"https:\/\/medicamentquebec.ca\/index.php\/wp-json\/wp\/v2\/media\/2653"}],"wp:attachment":[{"href":"https:\/\/medicamentquebec.ca\/index.php\/wp-json\/wp\/v2\/media?parent=2650"}],"wp:term":[{"taxonomy":"category","embeddable":true,"href":"https:\/\/medicamentquebec.ca\/index.php\/wp-json\/wp\/v2\/categories?post=2650"},{"taxonomy":"post_tag","embeddable":true,"href":"https:\/\/medicamentquebec.ca\/index.php\/wp-json\/wp\/v2\/tags?post=2650"}],"curies":[{"name":"wp","href":"https:\/\/api.w.org\/{rel}","templated":true}]}}