{"id":779,"date":"2022-02-24T10:18:59","date_gmt":"2022-02-24T15:18:59","guid":{"rendered":"https:\/\/medicamentquebec.ca\/?p=779"},"modified":"2025-12-05T15:19:37","modified_gmt":"2025-12-05T20:19:37","slug":"securiser-lapprovisionnement-des-medicaments-au-quebec-croissance-de-loffre-de-services-de-la-plateforme-de-biopharmacie-et-creation-du-registre-provincial-de-preparations-mag","status":"publish","type":"post","link":"https:\/\/medicamentquebec.ca\/index.php\/2022\/02\/24\/securiser-lapprovisionnement-des-medicaments-au-quebec-croissance-de-loffre-de-services-de-la-plateforme-de-biopharmacie-et-creation-du-registre-provincial-de-preparations-mag\/","title":{"rendered":"Croissance de l\u2019offre de services de la Plateforme de biopharmacie"},"content":{"rendered":"\r\n<div class=\"wp-block-columns is-layout-flex wp-container-core-columns-is-layout-9d6595d7 wp-block-columns-is-layout-flex\">\r\n<div class=\"wp-block-column is-layout-flow wp-block-column-is-layout-flow\" style=\"flex-basis: 100%;\">\r\n<figure class=\"wp-block-gallery aligncenter columns-0 is-cropped wp-block-gallery-1 is-layout-flex wp-block-gallery-is-layout-flex\"><\/figure>\r\n<\/div>\r\n<\/div>\r\n\r\n\r\n\r\n<p><strong>Activit\u00e9s financ\u00e9es &#8211; 24 f\u00e9vrier 2022<\/strong><\/p>\r\n<p><!--more--><\/p>\r\n\r\n\r\n\r\n<p>Assurer le d\u00e9veloppement, la disponibilit\u00e9 et la s\u00e9curit\u00e9 des m\u00e9dicaments pour la population qu\u00e9b\u00e9coise, c\u2019est le d\u00e9fi de Daniel L\u00e9vesque, professeur et vice-doyen \u00e0 la recherche et aux \u00e9tudes en sciences pharmaceutiques \u00e0 la Facult\u00e9 de pharmacie de l\u2019Universit\u00e9 de Montr\u00e9al et de Gr\u00e9goire Leclair, professeur et directeur de la plateforme de biopharmacie, et de leurs collaborateurs et partenaires (Centre de formulations p\u00e9diatriques Goodman du CHU Sainte-Justine, Galenova\/Gent\u00e8s et Bolduc pharmaciens, Vigilance Sant\u00e9). C\u2019est dans cette optique que M\u00e9dicament Qu\u00e9bec annonce un octroi de <strong>1\u2009884\u2009 295\u00a0$<\/strong> pour leur activit\u00e9 <strong>\u00ab\u2009<em>Plateforme de biopharmacie et registre de pr\u00e9parations magistrales\u2009<\/em>\u00bb<\/strong>. Ce projet vient en continuit\u00e9 des autres projets financ\u00e9s par M\u00e9dicament Qu\u00e9bec dans le cadre de sa premi\u00e8re phase pour renforcer l\u2019autonomie pharmaceutique du Qu\u00e9bec.<\/p>\r\n\r\n\r\n\r\n<p>Rehausser les activit\u00e9s de la plateforme de biopharmacie situ\u00e9e \u00e0 la Facult\u00e9 de pharmacie de l\u2019Universit\u00e9 de Montr\u00e9al et accro\u00eetre la valeur des innovations et la d\u00e9couverte de nouveaux m\u00e9dicaments, c\u2019est un des objectifs du projet de Daniel L\u00e9vesque et Gr\u00e9goire Leclair. Cette plateforme qui offre depuis 2010 des services pour les besoins acad\u00e9miques et priv\u00e9s permet de r\u00e9aliser toutes les \u00e9tapes et analyses n\u00e9cessaires pour transformer une mol\u00e9cule candidate (lead) en un m\u00e9dicament que l\u2019on peut administrer chez l\u2019homme. Augmenter les capacit\u00e9s de cette plateforme permettra de mieux tester, caract\u00e9riser et optimiser les mol\u00e9cules dont les capacit\u00e9s th\u00e9rapeutiques ont \u00e9t\u00e9 d\u00e9couvertes et identifi\u00e9es pour que leur administration \u00e0 l\u2019humain soit la plus b\u00e9n\u00e9fique et s\u00e9curitaire possible.<\/p>\r\n\r\n\r\n\r\n<p>Comme l\u2019a d\u00e9montr\u00e9 la pand\u00e9mie de COVID-19, un contexte de crise mondiale peut mettre \u00e0 rude \u00e9preuve la cha\u00eene d\u2019approvisionnement en m\u00e9dicament. De nombreuses r\u00e9gions dans le monde continuent de souffrir de ruptures de stock en m\u00e9dicaments et le Qu\u00e9bec n\u2019est pas \u00e9pargn\u00e9. Une des strat\u00e9gies de gestion des ruptures de stock de certains m\u00e9dicaments consiste \u00e0 avoir recours \u00e0 des pr\u00e9parations magistrales. En effet, le pharmacien peut fabriquer de fa\u00e7on magistrale un m\u00e9dicament qui n\u2019est pas disponible ou est en rupture de stock. Il demeure toutefois n\u00e9cessaire que ce processus soit justifi\u00e9 scientifiquement. Le projet de Daniel L\u00e9vesque, de la plateforme de biopharmacie sous la direction de Gr\u00e9goire Leclair et de leurs collaborateurs et partenaires est aussi de proposer un registre de pr\u00e9parations magistrales, pour adultes et enfants, r\u00e9pondant aux exigences r\u00e9glementaires, applicable et utilisable en contexte de crise (comme la pand\u00e9mie de COVID-19) et de rupture de stock.<\/p>\r\n\r\n\r\n\r\n<p><strong>Pour en savoir plus:<\/strong><\/p>\r\n\r\n\r\n\r\n<p><a href=\"https:\/\/pharm.umontreal.ca\/faculte\/lequipe\/corps-professoral\/fiche\/in\/in15357\/sg\/Daniel%20L%C3%A9vesque\/\">Biographie de Daniel L\u00e9vesque<\/a><\/p>\r\n\r\n\r\n\r\n<p><a href=\"https:\/\/pharm.umontreal.ca\/faculte\/lequipe\/corps-professoral\/fiche\/in\/in19124\/sg\/Gr%C3%A9goire%20Leclair\/\">Biographie de Gr\u00e9goire Leclair<\/a><\/p>\r\n\r\n\r\n\r\n<p><a href=\"https:\/\/recherche.chusj.org\/fr\/CFPG\">Pr\u00e9parations p\u00e9diatriques <\/a><\/p>\r\n\r\n\r\n\r\n<p><a href=\"https:\/\/nouvelles.umontreal.ca\/article\/2021\/06\/08\/la-plateforme-de-biopharmacie-un-element-cle-dans-la-mise-au-point-des-medicaments\/\">Plateforme de biopharmacie de la Facult\u00e9 de pharmacie de l&#8217;Universit\u00e9 de Montr\u00e9al<\/a><\/p>\r\n\r\n\r\n\r\n<p>&nbsp;<\/p>\r\n\r\n\r\n\r\n<p>&nbsp;<\/p>\r\n","protected":false},"excerpt":{"rendered":"<p>Activit\u00e9s financ\u00e9es &#8211; 24 f\u00e9vrier 2022<\/p>\n","protected":false},"author":1,"featured_media":3162,"comment_status":"closed","ping_status":"closed","sticky":false,"template":"","format":"standard","meta":{"footnotes":""},"categories":[85],"tags":[],"class_list":["post-779","post","type-post","status-publish","format-standard","has-post-thumbnail","hentry","category-actualites"],"yoast_head":"<!-- This site is optimized with the Yoast SEO plugin v27.5 - https:\/\/yoast.com\/product\/yoast-seo-wordpress\/ -->\n<title>Croissance de l\u2019offre de services de la Plateforme de biopharmacie - M\u00e9dicament Qu\u00e9bec<\/title>\n<meta name=\"robots\" content=\"index, follow, max-snippet:-1, max-image-preview:large, max-video-preview:-1\" \/>\n<link rel=\"canonical\" href=\"https:\/\/medicamentquebec.ca\/index.php\/2022\/02\/24\/securiser-lapprovisionnement-des-medicaments-au-quebec-croissance-de-loffre-de-services-de-la-plateforme-de-biopharmacie-et-creation-du-registre-provincial-de-preparations-mag\/\" \/>\n<meta property=\"og:locale\" content=\"fr_FR\" \/>\n<meta property=\"og:type\" content=\"article\" \/>\n<meta property=\"og:title\" content=\"Croissance de l\u2019offre de services de la Plateforme de biopharmacie - M\u00e9dicament Qu\u00e9bec\" \/>\n<meta property=\"og:description\" content=\"Activit\u00e9s financ\u00e9es &#8211; 24 f\u00e9vrier 2022\" \/>\n<meta property=\"og:url\" content=\"https:\/\/medicamentquebec.ca\/index.php\/2022\/02\/24\/securiser-lapprovisionnement-des-medicaments-au-quebec-croissance-de-loffre-de-services-de-la-plateforme-de-biopharmacie-et-creation-du-registre-provincial-de-preparations-mag\/\" \/>\n<meta property=\"og:site_name\" content=\"M\u00e9dicament Qu\u00e9bec\" \/>\n<meta property=\"article:published_time\" content=\"2022-02-24T15:18:59+00:00\" \/>\n<meta property=\"article:modified_time\" content=\"2025-12-05T20:19:37+00:00\" \/>\n<meta property=\"og:image\" content=\"https:\/\/medicamentquebec.ca\/wp-content\/uploads\/2022\/02\/Leclair.png\" \/>\n\t<meta property=\"og:image:width\" content=\"1200\" \/>\n\t<meta property=\"og:image:height\" content=\"628\" \/>\n\t<meta property=\"og:image:type\" content=\"image\/png\" \/>\n<meta name=\"author\" content=\"admin\" \/>\n<meta name=\"twitter:card\" content=\"summary_large_image\" \/>\n<meta name=\"twitter:label1\" content=\"\u00c9crit par\" \/>\n\t<meta name=\"twitter:data1\" content=\"admin\" \/>\n\t<meta name=\"twitter:label2\" content=\"Dur\u00e9e de lecture estim\u00e9e\" \/>\n\t<meta name=\"twitter:data2\" content=\"3 minutes\" \/>\n<script type=\"application\/ld+json\" class=\"yoast-schema-graph\">{\"@context\":\"https:\\\/\\\/schema.org\",\"@graph\":[{\"@type\":\"Article\",\"@id\":\"https:\\\/\\\/medicamentquebec.ca\\\/index.php\\\/2022\\\/02\\\/24\\\/securiser-lapprovisionnement-des-medicaments-au-quebec-croissance-de-loffre-de-services-de-la-plateforme-de-biopharmacie-et-creation-du-registre-provincial-de-preparations-mag\\\/#article\",\"isPartOf\":{\"@id\":\"https:\\\/\\\/medicamentquebec.ca\\\/index.php\\\/2022\\\/02\\\/24\\\/securiser-lapprovisionnement-des-medicaments-au-quebec-croissance-de-loffre-de-services-de-la-plateforme-de-biopharmacie-et-creation-du-registre-provincial-de-preparations-mag\\\/\"},\"author\":{\"name\":\"admin\",\"@id\":\"https:\\\/\\\/medicamentquebec.ca\\\/#\\\/schema\\\/person\\\/e905404f873cb30d4e41a75021d5f756\"},\"headline\":\"Croissance de l\u2019offre de services de la Plateforme de biopharmacie\",\"datePublished\":\"2022-02-24T15:18:59+00:00\",\"dateModified\":\"2025-12-05T20:19:37+00:00\",\"mainEntityOfPage\":{\"@id\":\"https:\\\/\\\/medicamentquebec.ca\\\/index.php\\\/2022\\\/02\\\/24\\\/securiser-lapprovisionnement-des-medicaments-au-quebec-croissance-de-loffre-de-services-de-la-plateforme-de-biopharmacie-et-creation-du-registre-provincial-de-preparations-mag\\\/\"},\"wordCount\":506,\"publisher\":{\"@id\":\"https:\\\/\\\/medicamentquebec.ca\\\/#organization\"},\"image\":{\"@id\":\"https:\\\/\\\/medicamentquebec.ca\\\/index.php\\\/2022\\\/02\\\/24\\\/securiser-lapprovisionnement-des-medicaments-au-quebec-croissance-de-loffre-de-services-de-la-plateforme-de-biopharmacie-et-creation-du-registre-provincial-de-preparations-mag\\\/#primaryimage\"},\"thumbnailUrl\":\"https:\\\/\\\/medicamentquebec.ca\\\/wp-content\\\/uploads\\\/2022\\\/02\\\/Leclair.png\",\"articleSection\":[\"Actualit\u00e9s\"],\"inLanguage\":\"fr-FR\"},{\"@type\":\"WebPage\",\"@id\":\"https:\\\/\\\/medicamentquebec.ca\\\/index.php\\\/2022\\\/02\\\/24\\\/securiser-lapprovisionnement-des-medicaments-au-quebec-croissance-de-loffre-de-services-de-la-plateforme-de-biopharmacie-et-creation-du-registre-provincial-de-preparations-mag\\\/\",\"url\":\"https:\\\/\\\/medicamentquebec.ca\\\/index.php\\\/2022\\\/02\\\/24\\\/securiser-lapprovisionnement-des-medicaments-au-quebec-croissance-de-loffre-de-services-de-la-plateforme-de-biopharmacie-et-creation-du-registre-provincial-de-preparations-mag\\\/\",\"name\":\"Croissance de l\u2019offre de services de la Plateforme de biopharmacie - M\u00e9dicament Qu\u00e9bec\",\"isPartOf\":{\"@id\":\"https:\\\/\\\/medicamentquebec.ca\\\/#website\"},\"primaryImageOfPage\":{\"@id\":\"https:\\\/\\\/medicamentquebec.ca\\\/index.php\\\/2022\\\/02\\\/24\\\/securiser-lapprovisionnement-des-medicaments-au-quebec-croissance-de-loffre-de-services-de-la-plateforme-de-biopharmacie-et-creation-du-registre-provincial-de-preparations-mag\\\/#primaryimage\"},\"image\":{\"@id\":\"https:\\\/\\\/medicamentquebec.ca\\\/index.php\\\/2022\\\/02\\\/24\\\/securiser-lapprovisionnement-des-medicaments-au-quebec-croissance-de-loffre-de-services-de-la-plateforme-de-biopharmacie-et-creation-du-registre-provincial-de-preparations-mag\\\/#primaryimage\"},\"thumbnailUrl\":\"https:\\\/\\\/medicamentquebec.ca\\\/wp-content\\\/uploads\\\/2022\\\/02\\\/Leclair.png\",\"datePublished\":\"2022-02-24T15:18:59+00:00\",\"dateModified\":\"2025-12-05T20:19:37+00:00\",\"breadcrumb\":{\"@id\":\"https:\\\/\\\/medicamentquebec.ca\\\/index.php\\\/2022\\\/02\\\/24\\\/securiser-lapprovisionnement-des-medicaments-au-quebec-croissance-de-loffre-de-services-de-la-plateforme-de-biopharmacie-et-creation-du-registre-provincial-de-preparations-mag\\\/#breadcrumb\"},\"inLanguage\":\"fr-FR\",\"potentialAction\":[{\"@type\":\"ReadAction\",\"target\":[\"https:\\\/\\\/medicamentquebec.ca\\\/index.php\\\/2022\\\/02\\\/24\\\/securiser-lapprovisionnement-des-medicaments-au-quebec-croissance-de-loffre-de-services-de-la-plateforme-de-biopharmacie-et-creation-du-registre-provincial-de-preparations-mag\\\/\"]}]},{\"@type\":\"ImageObject\",\"inLanguage\":\"fr-FR\",\"@id\":\"https:\\\/\\\/medicamentquebec.ca\\\/index.php\\\/2022\\\/02\\\/24\\\/securiser-lapprovisionnement-des-medicaments-au-quebec-croissance-de-loffre-de-services-de-la-plateforme-de-biopharmacie-et-creation-du-registre-provincial-de-preparations-mag\\\/#primaryimage\",\"url\":\"https:\\\/\\\/medicamentquebec.ca\\\/wp-content\\\/uploads\\\/2022\\\/02\\\/Leclair.png\",\"contentUrl\":\"https:\\\/\\\/medicamentquebec.ca\\\/wp-content\\\/uploads\\\/2022\\\/02\\\/Leclair.png\",\"width\":1200,\"height\":628},{\"@type\":\"BreadcrumbList\",\"@id\":\"https:\\\/\\\/medicamentquebec.ca\\\/index.php\\\/2022\\\/02\\\/24\\\/securiser-lapprovisionnement-des-medicaments-au-quebec-croissance-de-loffre-de-services-de-la-plateforme-de-biopharmacie-et-creation-du-registre-provincial-de-preparations-mag\\\/#breadcrumb\",\"itemListElement\":[{\"@type\":\"ListItem\",\"position\":1,\"name\":\"Accueil\",\"item\":\"https:\\\/\\\/medicamentquebec.ca\\\/\"},{\"@type\":\"ListItem\",\"position\":2,\"name\":\"Croissance de l\u2019offre de services de la Plateforme de biopharmacie\"}]},{\"@type\":\"WebSite\",\"@id\":\"https:\\\/\\\/medicamentquebec.ca\\\/#website\",\"url\":\"https:\\\/\\\/medicamentquebec.ca\\\/\",\"name\":\"M\u00e9dicament Qu\u00e9bec\",\"description\":\"\",\"publisher\":{\"@id\":\"https:\\\/\\\/medicamentquebec.ca\\\/#organization\"},\"potentialAction\":[{\"@type\":\"SearchAction\",\"target\":{\"@type\":\"EntryPoint\",\"urlTemplate\":\"https:\\\/\\\/medicamentquebec.ca\\\/?s={search_term_string}\"},\"query-input\":{\"@type\":\"PropertyValueSpecification\",\"valueRequired\":true,\"valueName\":\"search_term_string\"}}],\"inLanguage\":\"fr-FR\"},{\"@type\":\"Organization\",\"@id\":\"https:\\\/\\\/medicamentquebec.ca\\\/#organization\",\"name\":\"M\u00e9dicament Qu\u00e9bec\",\"url\":\"https:\\\/\\\/medicamentquebec.ca\\\/\",\"logo\":{\"@type\":\"ImageObject\",\"inLanguage\":\"fr-FR\",\"@id\":\"https:\\\/\\\/medicamentquebec.ca\\\/#\\\/schema\\\/logo\\\/image\\\/\",\"url\":\"https:\\\/\\\/medicamentquebec.ca\\\/wp-content\\\/uploads\\\/2021\\\/06\\\/logo-alt_mq.png\",\"contentUrl\":\"https:\\\/\\\/medicamentquebec.ca\\\/wp-content\\\/uploads\\\/2021\\\/06\\\/logo-alt_mq.png\",\"width\":494,\"height\":266,\"caption\":\"M\u00e9dicament Qu\u00e9bec\"},\"image\":{\"@id\":\"https:\\\/\\\/medicamentquebec.ca\\\/#\\\/schema\\\/logo\\\/image\\\/\"}},{\"@type\":\"Person\",\"@id\":\"https:\\\/\\\/medicamentquebec.ca\\\/#\\\/schema\\\/person\\\/e905404f873cb30d4e41a75021d5f756\",\"name\":\"admin\",\"image\":{\"@type\":\"ImageObject\",\"inLanguage\":\"fr-FR\",\"@id\":\"https:\\\/\\\/secure.gravatar.com\\\/avatar\\\/b56357af2f99bd4c74a0c9a2d90a761e79b0726c5fc24ad4bec4aba797e6a945?s=96&d=mm&r=g\",\"url\":\"https:\\\/\\\/secure.gravatar.com\\\/avatar\\\/b56357af2f99bd4c74a0c9a2d90a761e79b0726c5fc24ad4bec4aba797e6a945?s=96&d=mm&r=g\",\"contentUrl\":\"https:\\\/\\\/secure.gravatar.com\\\/avatar\\\/b56357af2f99bd4c74a0c9a2d90a761e79b0726c5fc24ad4bec4aba797e6a945?s=96&d=mm&r=g\",\"caption\":\"admin\"},\"sameAs\":[\"http:\\\/\\\/medicamentquebec.ca\"],\"url\":\"https:\\\/\\\/medicamentquebec.ca\\\/index.php\\\/author\\\/admin\\\/\"}]}<\/script>\n<!-- \/ Yoast SEO plugin. -->","yoast_head_json":{"title":"Croissance de l\u2019offre de services de la Plateforme de biopharmacie - M\u00e9dicament Qu\u00e9bec","robots":{"index":"index","follow":"follow","max-snippet":"max-snippet:-1","max-image-preview":"max-image-preview:large","max-video-preview":"max-video-preview:-1"},"canonical":"https:\/\/medicamentquebec.ca\/index.php\/2022\/02\/24\/securiser-lapprovisionnement-des-medicaments-au-quebec-croissance-de-loffre-de-services-de-la-plateforme-de-biopharmacie-et-creation-du-registre-provincial-de-preparations-mag\/","og_locale":"fr_FR","og_type":"article","og_title":"Croissance de l\u2019offre de services de la Plateforme de biopharmacie - M\u00e9dicament Qu\u00e9bec","og_description":"Activit\u00e9s financ\u00e9es &#8211; 24 f\u00e9vrier 2022","og_url":"https:\/\/medicamentquebec.ca\/index.php\/2022\/02\/24\/securiser-lapprovisionnement-des-medicaments-au-quebec-croissance-de-loffre-de-services-de-la-plateforme-de-biopharmacie-et-creation-du-registre-provincial-de-preparations-mag\/","og_site_name":"M\u00e9dicament Qu\u00e9bec","article_published_time":"2022-02-24T15:18:59+00:00","article_modified_time":"2025-12-05T20:19:37+00:00","og_image":[{"width":1200,"height":628,"url":"https:\/\/medicamentquebec.ca\/wp-content\/uploads\/2022\/02\/Leclair.png","type":"image\/png"}],"author":"admin","twitter_card":"summary_large_image","twitter_misc":{"\u00c9crit par":"admin","Dur\u00e9e de lecture estim\u00e9e":"3 minutes"},"schema":{"@context":"https:\/\/schema.org","@graph":[{"@type":"Article","@id":"https:\/\/medicamentquebec.ca\/index.php\/2022\/02\/24\/securiser-lapprovisionnement-des-medicaments-au-quebec-croissance-de-loffre-de-services-de-la-plateforme-de-biopharmacie-et-creation-du-registre-provincial-de-preparations-mag\/#article","isPartOf":{"@id":"https:\/\/medicamentquebec.ca\/index.php\/2022\/02\/24\/securiser-lapprovisionnement-des-medicaments-au-quebec-croissance-de-loffre-de-services-de-la-plateforme-de-biopharmacie-et-creation-du-registre-provincial-de-preparations-mag\/"},"author":{"name":"admin","@id":"https:\/\/medicamentquebec.ca\/#\/schema\/person\/e905404f873cb30d4e41a75021d5f756"},"headline":"Croissance de l\u2019offre de services de la Plateforme de biopharmacie","datePublished":"2022-02-24T15:18:59+00:00","dateModified":"2025-12-05T20:19:37+00:00","mainEntityOfPage":{"@id":"https:\/\/medicamentquebec.ca\/index.php\/2022\/02\/24\/securiser-lapprovisionnement-des-medicaments-au-quebec-croissance-de-loffre-de-services-de-la-plateforme-de-biopharmacie-et-creation-du-registre-provincial-de-preparations-mag\/"},"wordCount":506,"publisher":{"@id":"https:\/\/medicamentquebec.ca\/#organization"},"image":{"@id":"https:\/\/medicamentquebec.ca\/index.php\/2022\/02\/24\/securiser-lapprovisionnement-des-medicaments-au-quebec-croissance-de-loffre-de-services-de-la-plateforme-de-biopharmacie-et-creation-du-registre-provincial-de-preparations-mag\/#primaryimage"},"thumbnailUrl":"https:\/\/medicamentquebec.ca\/wp-content\/uploads\/2022\/02\/Leclair.png","articleSection":["Actualit\u00e9s"],"inLanguage":"fr-FR"},{"@type":"WebPage","@id":"https:\/\/medicamentquebec.ca\/index.php\/2022\/02\/24\/securiser-lapprovisionnement-des-medicaments-au-quebec-croissance-de-loffre-de-services-de-la-plateforme-de-biopharmacie-et-creation-du-registre-provincial-de-preparations-mag\/","url":"https:\/\/medicamentquebec.ca\/index.php\/2022\/02\/24\/securiser-lapprovisionnement-des-medicaments-au-quebec-croissance-de-loffre-de-services-de-la-plateforme-de-biopharmacie-et-creation-du-registre-provincial-de-preparations-mag\/","name":"Croissance de l\u2019offre de services de la Plateforme de biopharmacie - M\u00e9dicament Qu\u00e9bec","isPartOf":{"@id":"https:\/\/medicamentquebec.ca\/#website"},"primaryImageOfPage":{"@id":"https:\/\/medicamentquebec.ca\/index.php\/2022\/02\/24\/securiser-lapprovisionnement-des-medicaments-au-quebec-croissance-de-loffre-de-services-de-la-plateforme-de-biopharmacie-et-creation-du-registre-provincial-de-preparations-mag\/#primaryimage"},"image":{"@id":"https:\/\/medicamentquebec.ca\/index.php\/2022\/02\/24\/securiser-lapprovisionnement-des-medicaments-au-quebec-croissance-de-loffre-de-services-de-la-plateforme-de-biopharmacie-et-creation-du-registre-provincial-de-preparations-mag\/#primaryimage"},"thumbnailUrl":"https:\/\/medicamentquebec.ca\/wp-content\/uploads\/2022\/02\/Leclair.png","datePublished":"2022-02-24T15:18:59+00:00","dateModified":"2025-12-05T20:19:37+00:00","breadcrumb":{"@id":"https:\/\/medicamentquebec.ca\/index.php\/2022\/02\/24\/securiser-lapprovisionnement-des-medicaments-au-quebec-croissance-de-loffre-de-services-de-la-plateforme-de-biopharmacie-et-creation-du-registre-provincial-de-preparations-mag\/#breadcrumb"},"inLanguage":"fr-FR","potentialAction":[{"@type":"ReadAction","target":["https:\/\/medicamentquebec.ca\/index.php\/2022\/02\/24\/securiser-lapprovisionnement-des-medicaments-au-quebec-croissance-de-loffre-de-services-de-la-plateforme-de-biopharmacie-et-creation-du-registre-provincial-de-preparations-mag\/"]}]},{"@type":"ImageObject","inLanguage":"fr-FR","@id":"https:\/\/medicamentquebec.ca\/index.php\/2022\/02\/24\/securiser-lapprovisionnement-des-medicaments-au-quebec-croissance-de-loffre-de-services-de-la-plateforme-de-biopharmacie-et-creation-du-registre-provincial-de-preparations-mag\/#primaryimage","url":"https:\/\/medicamentquebec.ca\/wp-content\/uploads\/2022\/02\/Leclair.png","contentUrl":"https:\/\/medicamentquebec.ca\/wp-content\/uploads\/2022\/02\/Leclair.png","width":1200,"height":628},{"@type":"BreadcrumbList","@id":"https:\/\/medicamentquebec.ca\/index.php\/2022\/02\/24\/securiser-lapprovisionnement-des-medicaments-au-quebec-croissance-de-loffre-de-services-de-la-plateforme-de-biopharmacie-et-creation-du-registre-provincial-de-preparations-mag\/#breadcrumb","itemListElement":[{"@type":"ListItem","position":1,"name":"Accueil","item":"https:\/\/medicamentquebec.ca\/"},{"@type":"ListItem","position":2,"name":"Croissance de l\u2019offre de services de la Plateforme de biopharmacie"}]},{"@type":"WebSite","@id":"https:\/\/medicamentquebec.ca\/#website","url":"https:\/\/medicamentquebec.ca\/","name":"M\u00e9dicament Qu\u00e9bec","description":"","publisher":{"@id":"https:\/\/medicamentquebec.ca\/#organization"},"potentialAction":[{"@type":"SearchAction","target":{"@type":"EntryPoint","urlTemplate":"https:\/\/medicamentquebec.ca\/?s={search_term_string}"},"query-input":{"@type":"PropertyValueSpecification","valueRequired":true,"valueName":"search_term_string"}}],"inLanguage":"fr-FR"},{"@type":"Organization","@id":"https:\/\/medicamentquebec.ca\/#organization","name":"M\u00e9dicament Qu\u00e9bec","url":"https:\/\/medicamentquebec.ca\/","logo":{"@type":"ImageObject","inLanguage":"fr-FR","@id":"https:\/\/medicamentquebec.ca\/#\/schema\/logo\/image\/","url":"https:\/\/medicamentquebec.ca\/wp-content\/uploads\/2021\/06\/logo-alt_mq.png","contentUrl":"https:\/\/medicamentquebec.ca\/wp-content\/uploads\/2021\/06\/logo-alt_mq.png","width":494,"height":266,"caption":"M\u00e9dicament Qu\u00e9bec"},"image":{"@id":"https:\/\/medicamentquebec.ca\/#\/schema\/logo\/image\/"}},{"@type":"Person","@id":"https:\/\/medicamentquebec.ca\/#\/schema\/person\/e905404f873cb30d4e41a75021d5f756","name":"admin","image":{"@type":"ImageObject","inLanguage":"fr-FR","@id":"https:\/\/secure.gravatar.com\/avatar\/b56357af2f99bd4c74a0c9a2d90a761e79b0726c5fc24ad4bec4aba797e6a945?s=96&d=mm&r=g","url":"https:\/\/secure.gravatar.com\/avatar\/b56357af2f99bd4c74a0c9a2d90a761e79b0726c5fc24ad4bec4aba797e6a945?s=96&d=mm&r=g","contentUrl":"https:\/\/secure.gravatar.com\/avatar\/b56357af2f99bd4c74a0c9a2d90a761e79b0726c5fc24ad4bec4aba797e6a945?s=96&d=mm&r=g","caption":"admin"},"sameAs":["http:\/\/medicamentquebec.ca"],"url":"https:\/\/medicamentquebec.ca\/index.php\/author\/admin\/"}]}},"_links":{"self":[{"href":"https:\/\/medicamentquebec.ca\/index.php\/wp-json\/wp\/v2\/posts\/779","targetHints":{"allow":["GET"]}}],"collection":[{"href":"https:\/\/medicamentquebec.ca\/index.php\/wp-json\/wp\/v2\/posts"}],"about":[{"href":"https:\/\/medicamentquebec.ca\/index.php\/wp-json\/wp\/v2\/types\/post"}],"author":[{"embeddable":true,"href":"https:\/\/medicamentquebec.ca\/index.php\/wp-json\/wp\/v2\/users\/1"}],"replies":[{"embeddable":true,"href":"https:\/\/medicamentquebec.ca\/index.php\/wp-json\/wp\/v2\/comments?post=779"}],"version-history":[{"count":14,"href":"https:\/\/medicamentquebec.ca\/index.php\/wp-json\/wp\/v2\/posts\/779\/revisions"}],"predecessor-version":[{"id":3165,"href":"https:\/\/medicamentquebec.ca\/index.php\/wp-json\/wp\/v2\/posts\/779\/revisions\/3165"}],"wp:featuredmedia":[{"embeddable":true,"href":"https:\/\/medicamentquebec.ca\/index.php\/wp-json\/wp\/v2\/media\/3162"}],"wp:attachment":[{"href":"https:\/\/medicamentquebec.ca\/index.php\/wp-json\/wp\/v2\/media?parent=779"}],"wp:term":[{"taxonomy":"category","embeddable":true,"href":"https:\/\/medicamentquebec.ca\/index.php\/wp-json\/wp\/v2\/categories?post=779"},{"taxonomy":"post_tag","embeddable":true,"href":"https:\/\/medicamentquebec.ca\/index.php\/wp-json\/wp\/v2\/tags?post=779"}],"curies":[{"name":"wp","href":"https:\/\/api.w.org\/{rel}","templated":true}]}}